{"id":3301,"date":"2021-06-21T15:47:01","date_gmt":"2021-06-21T13:47:01","guid":{"rendered":"https:\/\/www.lescharcuteries.fr\/pleslin-trigavou-fetera-la-saucisse-le-15-septembre-2018\/"},"modified":"2021-06-21T15:47:01","modified_gmt":"2021-06-21T13:47:01","slug":"pleslin-trigavou-fetera-la-saucisse-le-15-septembre-2018","status":"publish","type":"post","link":"https:\/\/www.lescharcuteries.fr\/en\/pleslin-trigavou-fetera-la-saucisse-le-15-septembre-2018\/","title":{"rendered":"Pleslin-Trigavou f\u00eatera la saucisse le 15 septembre 2018"},"content":{"rendered":"<p>La saucisse fait la renomm\u00e9e de la commune de Pleslin-Trigavou (d\u00e9partement des C\u00f4tes-d&#8217;Armor) et bien au-del\u00e0 du territoire. La saucisse de Trigavou sera donc c\u00e9l\u00e9br\u00e9e pour la premi\u00e8re fois le samedi 15 septembre.<\/p>\n<p>Les organisateurs ont la volont\u00e9 de cr\u00e9er une vraie f\u00eate de village, avec des animations venues des deux c\u00f4tes de la Manche, un concours de cuisine \u00e0 base de saucisses,..<\/p>\n<p>Venez nombreux!<\/p>\n<p><strong>Article LE PETIT BLEU DES C\u00d4TES D\u2019ARMOR \u2013 13\/09\/2018<\/strong><\/p>\n","protected":false},"excerpt":{"rendered":"<p>La saucisse fait la renomm\u00e9e de la commune de Pleslin-Trigavou (d\u00e9partement des C\u00f4tes-d&#8217;Armor) et bien au-del\u00e0 du territoire. La saucisse de Trigavou sera donc c\u00e9l\u00e9br\u00e9e pour la premi\u00e8re fois le samedi 15 septembre. Les organisateurs ont la volont\u00e9 de cr\u00e9er une vraie f\u00eate de village, avec des animations venues des deux c\u00f4tes de la Manche,&nbsp; <a href=\"https:\/\/www.lescharcuteries.fr\/en\/pleslin-trigavou-fetera-la-saucisse-le-15-septembre-2018\/\">&hellip; Read more <i class=\"glyphicon glyphicon-arrow-right\"><\/i><\/a><\/p>\n","protected":false},"author":8,"featured_media":0,"comment_status":"closed","ping_status":"open","sticky":false,"template":"","format":"standard","meta":{"_acf_changed":false,"footnotes":""},"categories":[43],"tags":[],"class_list":["post-3301","post","type-post","status-publish","format-standard","hentry","category-uncategorized"],"acf":[],"yoast_head":"<!-- This site is optimized with the Yoast SEO plugin v27.5 - https:\/\/yoast.com\/product\/yoast-seo-wordpress\/ -->\n<title>Pleslin-Trigavou f\u00eatera la saucisse le 15 septembre 2018 - Les Charcuteries<\/title>\n<meta name=\"robots\" content=\"index, follow, max-snippet:-1, max-image-preview:large, max-video-preview:-1\" \/>\n<link rel=\"canonical\" href=\"https:\/\/www.lescharcuteries.fr\/en\/pleslin-trigavou-fetera-la-saucisse-le-15-septembre-2018\/\" \/>\n<meta property=\"og:locale\" content=\"en_US\" \/>\n<meta property=\"og:type\" content=\"article\" \/>\n<meta property=\"og:title\" content=\"Pleslin-Trigavou f\u00eatera la saucisse le 15 septembre 2018 - Les Charcuteries\" \/>\n<meta property=\"og:description\" content=\"La saucisse fait la renomm\u00e9e de la commune de Pleslin-Trigavou (d\u00e9partement des C\u00f4tes-d&#8217;Armor) et bien au-del\u00e0 du territoire. La saucisse de Trigavou sera donc c\u00e9l\u00e9br\u00e9e pour la premi\u00e8re fois le samedi 15 septembre. Les organisateurs ont la volont\u00e9 de cr\u00e9er une vraie f\u00eate de village, avec des animations venues des deux c\u00f4tes de la Manche,&nbsp; &hellip; Read more\" \/>\n<meta property=\"og:url\" content=\"https:\/\/www.lescharcuteries.fr\/en\/pleslin-trigavou-fetera-la-saucisse-le-15-septembre-2018\/\" \/>\n<meta property=\"og:site_name\" content=\"Les Charcuteries\" \/>\n<meta property=\"article:published_time\" content=\"2021-06-21T13:47:01+00:00\" \/>\n<meta name=\"author\" content=\"St\u00e9phanie Fuiret\" \/>\n<meta name=\"twitter:card\" content=\"summary_large_image\" \/>\n<meta name=\"twitter:label1\" content=\"Written by\" \/>\n\t<meta name=\"twitter:data1\" content=\"St\u00e9phanie Fuiret\" \/>\n<script type=\"application\/ld+json\" class=\"yoast-schema-graph\">{\"@context\":\"https:\\\/\\\/schema.org\",\"@graph\":[{\"@type\":\"Article\",\"@id\":\"https:\\\/\\\/www.lescharcuteries.fr\\\/en\\\/pleslin-trigavou-fetera-la-saucisse-le-15-septembre-2018\\\/#article\",\"isPartOf\":{\"@id\":\"https:\\\/\\\/www.lescharcuteries.fr\\\/en\\\/pleslin-trigavou-fetera-la-saucisse-le-15-septembre-2018\\\/\"},\"author\":{\"name\":\"St\u00e9phanie Fuiret\",\"@id\":\"https:\\\/\\\/www.lescharcuteries.fr\\\/en\\\/#\\\/schema\\\/person\\\/f4b2554f32d8e9757605b4f76d8388af\"},\"headline\":\"Pleslin-Trigavou f\u00eatera la saucisse le 15 septembre 2018\",\"datePublished\":\"2021-06-21T13:47:01+00:00\",\"mainEntityOfPage\":{\"@id\":\"https:\\\/\\\/www.lescharcuteries.fr\\\/en\\\/pleslin-trigavou-fetera-la-saucisse-le-15-septembre-2018\\\/\"},\"wordCount\":90,\"inLanguage\":\"en-US\"},{\"@type\":\"WebPage\",\"@id\":\"https:\\\/\\\/www.lescharcuteries.fr\\\/en\\\/pleslin-trigavou-fetera-la-saucisse-le-15-septembre-2018\\\/\",\"url\":\"https:\\\/\\\/www.lescharcuteries.fr\\\/en\\\/pleslin-trigavou-fetera-la-saucisse-le-15-septembre-2018\\\/\",\"name\":\"Pleslin-Trigavou f\u00eatera la saucisse le 15 septembre 2018 - Les Charcuteries\",\"isPartOf\":{\"@id\":\"https:\\\/\\\/www.lescharcuteries.fr\\\/en\\\/#website\"},\"datePublished\":\"2021-06-21T13:47:01+00:00\",\"author\":{\"@id\":\"https:\\\/\\\/www.lescharcuteries.fr\\\/en\\\/#\\\/schema\\\/person\\\/f4b2554f32d8e9757605b4f76d8388af\"},\"inLanguage\":\"en-US\",\"potentialAction\":[{\"@type\":\"ReadAction\",\"target\":[\"https:\\\/\\\/www.lescharcuteries.fr\\\/en\\\/pleslin-trigavou-fetera-la-saucisse-le-15-septembre-2018\\\/\"]}]},{\"@type\":\"WebSite\",\"@id\":\"https:\\\/\\\/www.lescharcuteries.fr\\\/en\\\/#website\",\"url\":\"https:\\\/\\\/www.lescharcuteries.fr\\\/en\\\/\",\"name\":\"Les Charcuteries\",\"description\":\"Information and news\",\"potentialAction\":[{\"@type\":\"SearchAction\",\"target\":{\"@type\":\"EntryPoint\",\"urlTemplate\":\"https:\\\/\\\/www.lescharcuteries.fr\\\/en\\\/?s={search_term_string}\"},\"query-input\":{\"@type\":\"PropertyValueSpecification\",\"valueRequired\":true,\"valueName\":\"search_term_string\"}}],\"inLanguage\":\"en-US\"},{\"@type\":\"Person\",\"@id\":\"https:\\\/\\\/www.lescharcuteries.fr\\\/en\\\/#\\\/schema\\\/person\\\/f4b2554f32d8e9757605b4f76d8388af\",\"name\":\"St\u00e9phanie Fuiret\",\"image\":{\"@type\":\"ImageObject\",\"inLanguage\":\"en-US\",\"@id\":\"https:\\\/\\\/secure.gravatar.com\\\/avatar\\\/a40dc638649ba25b9b3254cb7964e163d7ebb230b7d7dc5d0aef0a3f24a5cfe0?s=96&d=mm&r=g\",\"url\":\"https:\\\/\\\/secure.gravatar.com\\\/avatar\\\/a40dc638649ba25b9b3254cb7964e163d7ebb230b7d7dc5d0aef0a3f24a5cfe0?s=96&d=mm&r=g\",\"contentUrl\":\"https:\\\/\\\/secure.gravatar.com\\\/avatar\\\/a40dc638649ba25b9b3254cb7964e163d7ebb230b7d7dc5d0aef0a3f24a5cfe0?s=96&d=mm&r=g\",\"caption\":\"St\u00e9phanie Fuiret\"},\"url\":\"https:\\\/\\\/www.lescharcuteries.fr\\\/en\\\/author\\\/sfuiret\\\/\"}]}<\/script>\n<!-- \/ Yoast SEO plugin. -->","yoast_head_json":{"title":"Pleslin-Trigavou f\u00eatera la saucisse le 15 septembre 2018 - Les Charcuteries","robots":{"index":"index","follow":"follow","max-snippet":"max-snippet:-1","max-image-preview":"max-image-preview:large","max-video-preview":"max-video-preview:-1"},"canonical":"https:\/\/www.lescharcuteries.fr\/en\/pleslin-trigavou-fetera-la-saucisse-le-15-septembre-2018\/","og_locale":"en_US","og_type":"article","og_title":"Pleslin-Trigavou f\u00eatera la saucisse le 15 septembre 2018 - Les Charcuteries","og_description":"La saucisse fait la renomm\u00e9e de la commune de Pleslin-Trigavou (d\u00e9partement des C\u00f4tes-d&#8217;Armor) et bien au-del\u00e0 du territoire. La saucisse de Trigavou sera donc c\u00e9l\u00e9br\u00e9e pour la premi\u00e8re fois le samedi 15 septembre. Les organisateurs ont la volont\u00e9 de cr\u00e9er une vraie f\u00eate de village, avec des animations venues des deux c\u00f4tes de la Manche,&nbsp; &hellip; Read more","og_url":"https:\/\/www.lescharcuteries.fr\/en\/pleslin-trigavou-fetera-la-saucisse-le-15-septembre-2018\/","og_site_name":"Les Charcuteries","article_published_time":"2021-06-21T13:47:01+00:00","author":"St\u00e9phanie Fuiret","twitter_card":"summary_large_image","twitter_misc":{"Written by":"St\u00e9phanie Fuiret"},"schema":{"@context":"https:\/\/schema.org","@graph":[{"@type":"Article","@id":"https:\/\/www.lescharcuteries.fr\/en\/pleslin-trigavou-fetera-la-saucisse-le-15-septembre-2018\/#article","isPartOf":{"@id":"https:\/\/www.lescharcuteries.fr\/en\/pleslin-trigavou-fetera-la-saucisse-le-15-septembre-2018\/"},"author":{"name":"St\u00e9phanie Fuiret","@id":"https:\/\/www.lescharcuteries.fr\/en\/#\/schema\/person\/f4b2554f32d8e9757605b4f76d8388af"},"headline":"Pleslin-Trigavou f\u00eatera la saucisse le 15 septembre 2018","datePublished":"2021-06-21T13:47:01+00:00","mainEntityOfPage":{"@id":"https:\/\/www.lescharcuteries.fr\/en\/pleslin-trigavou-fetera-la-saucisse-le-15-septembre-2018\/"},"wordCount":90,"inLanguage":"en-US"},{"@type":"WebPage","@id":"https:\/\/www.lescharcuteries.fr\/en\/pleslin-trigavou-fetera-la-saucisse-le-15-septembre-2018\/","url":"https:\/\/www.lescharcuteries.fr\/en\/pleslin-trigavou-fetera-la-saucisse-le-15-septembre-2018\/","name":"Pleslin-Trigavou f\u00eatera la saucisse le 15 septembre 2018 - Les Charcuteries","isPartOf":{"@id":"https:\/\/www.lescharcuteries.fr\/en\/#website"},"datePublished":"2021-06-21T13:47:01+00:00","author":{"@id":"https:\/\/www.lescharcuteries.fr\/en\/#\/schema\/person\/f4b2554f32d8e9757605b4f76d8388af"},"inLanguage":"en-US","potentialAction":[{"@type":"ReadAction","target":["https:\/\/www.lescharcuteries.fr\/en\/pleslin-trigavou-fetera-la-saucisse-le-15-septembre-2018\/"]}]},{"@type":"WebSite","@id":"https:\/\/www.lescharcuteries.fr\/en\/#website","url":"https:\/\/www.lescharcuteries.fr\/en\/","name":"Les Charcuteries","description":"Information and news","potentialAction":[{"@type":"SearchAction","target":{"@type":"EntryPoint","urlTemplate":"https:\/\/www.lescharcuteries.fr\/en\/?s={search_term_string}"},"query-input":{"@type":"PropertyValueSpecification","valueRequired":true,"valueName":"search_term_string"}}],"inLanguage":"en-US"},{"@type":"Person","@id":"https:\/\/www.lescharcuteries.fr\/en\/#\/schema\/person\/f4b2554f32d8e9757605b4f76d8388af","name":"St\u00e9phanie Fuiret","image":{"@type":"ImageObject","inLanguage":"en-US","@id":"https:\/\/secure.gravatar.com\/avatar\/a40dc638649ba25b9b3254cb7964e163d7ebb230b7d7dc5d0aef0a3f24a5cfe0?s=96&d=mm&r=g","url":"https:\/\/secure.gravatar.com\/avatar\/a40dc638649ba25b9b3254cb7964e163d7ebb230b7d7dc5d0aef0a3f24a5cfe0?s=96&d=mm&r=g","contentUrl":"https:\/\/secure.gravatar.com\/avatar\/a40dc638649ba25b9b3254cb7964e163d7ebb230b7d7dc5d0aef0a3f24a5cfe0?s=96&d=mm&r=g","caption":"St\u00e9phanie Fuiret"},"url":"https:\/\/www.lescharcuteries.fr\/en\/author\/sfuiret\/"}]}},"_links":{"self":[{"href":"https:\/\/www.lescharcuteries.fr\/en\/wp-json\/wp\/v2\/posts\/3301","targetHints":{"allow":["GET"]}}],"collection":[{"href":"https:\/\/www.lescharcuteries.fr\/en\/wp-json\/wp\/v2\/posts"}],"about":[{"href":"https:\/\/www.lescharcuteries.fr\/en\/wp-json\/wp\/v2\/types\/post"}],"author":[{"embeddable":true,"href":"https:\/\/www.lescharcuteries.fr\/en\/wp-json\/wp\/v2\/users\/8"}],"replies":[{"embeddable":true,"href":"https:\/\/www.lescharcuteries.fr\/en\/wp-json\/wp\/v2\/comments?post=3301"}],"version-history":[{"count":0,"href":"https:\/\/www.lescharcuteries.fr\/en\/wp-json\/wp\/v2\/posts\/3301\/revisions"}],"wp:attachment":[{"href":"https:\/\/www.lescharcuteries.fr\/en\/wp-json\/wp\/v2\/media?parent=3301"}],"wp:term":[{"taxonomy":"category","embeddable":true,"href":"https:\/\/www.lescharcuteries.fr\/en\/wp-json\/wp\/v2\/categories?post=3301"},{"taxonomy":"post_tag","embeddable":true,"href":"https:\/\/www.lescharcuteries.fr\/en\/wp-json\/wp\/v2\/tags?post=3301"}],"curies":[{"name":"wp","href":"https:\/\/api.w.org\/{rel}","templated":true}]}}