{"id":3349,"date":"2021-06-21T15:49:49","date_gmt":"2021-06-21T13:49:49","guid":{"rendered":"https:\/\/www.lescharcuteries.fr\/battle-charcuteries-et-recettes-creatives-a-latelier-750-grammes\/"},"modified":"2021-06-21T16:23:01","modified_gmt":"2021-06-21T14:23:01","slug":"battle-charcuteries-et-recettes-creatives-a-latelier-750-grammes","status":"publish","type":"post","link":"https:\/\/www.lescharcuteries.fr\/en\/battle-charcuteries-et-recettes-creatives-a-latelier-750-grammes\/","title":{"rendered":"Battle charcuteries et recettes cr\u00e9atives \u00e0 l&#8217;Atelier 750 grammes !"},"content":{"rendered":"<p>[vc_row][vc_column 0=&#8221;&#8221;][vc_column_text]Invit\u00e9s par la FICT, le 1er juin 2016, se sont affront\u00e9s\u00a0les meilleurs blogueurs culinaires dans le cadre d&#8217;une battle de charcuteries haute en couleur \u00e0 l&#8217;Atelier 750 grammes dans le 10\u00e8me arrondissement de Paris, en pr\u00e9sence du Chef Damien qui est aussi l&#8217;organisateur du Salon du Blog Culinaire ! <\/p>\n<p>Boudins blancs &amp; noirs, galantines, ballottines, p\u00e2t\u00e9s en cro\u00fbte ont \u00e9t\u00e9 mis \u00e0 l\u2019honneur dans le cadre de la r\u00e9alisation de recettes \u00e9labor\u00e9es avec assiduit\u00e9 par nos convives, sous le regard expert de Chef Damien. Retour en image sur cette soir\u00e9e cr\u00e9ative et inventive.<\/p>\n<p>[\/vc_column_text][\/vc_column][\/vc_row][vc_row full_width=&#8221;stretch_row&#8221;][vc_column 0=&#8221;&#8221;][vc_gallery interval=&#8221;3&#8243; images=&#8221;2215,2214,2213,2212&#8243; img_size=&#8221;large&#8221;][\/vc_column][\/vc_row]<\/p>\n<p>Pour l&#8217;actu battle charcuterie: l&#8217;atelier a eu lieu le 1er juin 2016 de 18h30 \u00e0 21h30 \u00e0 l&#8217;atelier 750 grammes dans le 10\u00e8me arrondissement de Paris, en pr\u00e9sence du Chef Damien qui est aussi l&#8217;organisateur du Salon du Blog Culinaire. <\/p>\n","protected":false},"excerpt":{"rendered":"<p>Invit\u00e9s par la FICT, se sont affront\u00e9s\u00a0les meilleurs blogueurs culinaires dans le cadre d&#8217;une battle de charcuteries<\/p>\n","protected":false},"author":2,"featured_media":1001,"comment_status":"closed","ping_status":"open","sticky":false,"template":"","format":"standard","meta":{"_acf_changed":false,"footnotes":""},"categories":[43],"tags":[],"class_list":["post-3349","post","type-post","status-publish","format-standard","has-post-thumbnail","hentry","category-uncategorized"],"acf":[],"yoast_head":"<!-- This site is optimized with the Yoast SEO plugin v27.5 - https:\/\/yoast.com\/product\/yoast-seo-wordpress\/ -->\n<title>Battle charcuteries et recettes cr\u00e9atives \u00e0 l&#039;Atelier 750 grammes ! - Les Charcuteries<\/title>\n<meta name=\"robots\" content=\"index, follow, max-snippet:-1, max-image-preview:large, max-video-preview:-1\" \/>\n<link rel=\"canonical\" href=\"https:\/\/www.lescharcuteries.fr\/en\/battle-charcuteries-et-recettes-creatives-a-latelier-750-grammes\/\" \/>\n<meta property=\"og:locale\" content=\"en_US\" \/>\n<meta property=\"og:type\" content=\"article\" \/>\n<meta property=\"og:title\" content=\"Battle charcuteries et recettes cr\u00e9atives \u00e0 l&#039;Atelier 750 grammes ! - Les Charcuteries\" \/>\n<meta property=\"og:description\" content=\"Invit\u00e9s par la FICT, se sont affront\u00e9s\u00a0les meilleurs blogueurs culinaires dans le cadre d&#039;une battle de charcuteries\" \/>\n<meta property=\"og:url\" content=\"https:\/\/www.lescharcuteries.fr\/en\/battle-charcuteries-et-recettes-creatives-a-latelier-750-grammes\/\" \/>\n<meta property=\"og:site_name\" content=\"Les Charcuteries\" \/>\n<meta property=\"article:published_time\" content=\"2021-06-21T13:49:49+00:00\" \/>\n<meta property=\"article:modified_time\" content=\"2021-06-21T14:23:01+00:00\" \/>\n<meta property=\"og:image\" content=\"https:\/\/www.lescharcuteries.fr\/wp-content\/uploads\/2016\/12\/FICT-AtelierBlogueurs-NOV2016.jpg\" \/>\n\t<meta property=\"og:image:width\" content=\"784\" \/>\n\t<meta property=\"og:image:height\" content=\"514\" \/>\n\t<meta property=\"og:image:type\" content=\"image\/jpeg\" \/>\n<meta name=\"author\" content=\"Guillaume Canton\" \/>\n<meta name=\"twitter:card\" content=\"summary_large_image\" \/>\n<meta name=\"twitter:label1\" content=\"Written by\" \/>\n\t<meta name=\"twitter:data1\" content=\"Guillaume Canton\" \/>\n\t<meta name=\"twitter:label2\" content=\"Est. reading time\" \/>\n\t<meta name=\"twitter:data2\" content=\"1 minute\" \/>\n<script type=\"application\/ld+json\" class=\"yoast-schema-graph\">{\"@context\":\"https:\\\/\\\/schema.org\",\"@graph\":[{\"@type\":\"Article\",\"@id\":\"https:\\\/\\\/www.lescharcuteries.fr\\\/en\\\/battle-charcuteries-et-recettes-creatives-a-latelier-750-grammes\\\/#article\",\"isPartOf\":{\"@id\":\"https:\\\/\\\/www.lescharcuteries.fr\\\/en\\\/battle-charcuteries-et-recettes-creatives-a-latelier-750-grammes\\\/\"},\"author\":{\"name\":\"Guillaume Canton\",\"@id\":\"https:\\\/\\\/www.lescharcuteries.fr\\\/en\\\/#\\\/schema\\\/person\\\/926701898cd8ecdbf4b9bf544f3fbe89\"},\"headline\":\"Battle charcuteries et recettes cr\u00e9atives \u00e0 l&#8217;Atelier 750 grammes !\",\"datePublished\":\"2021-06-21T13:49:49+00:00\",\"dateModified\":\"2021-06-21T14:23:01+00:00\",\"mainEntityOfPage\":{\"@id\":\"https:\\\/\\\/www.lescharcuteries.fr\\\/en\\\/battle-charcuteries-et-recettes-creatives-a-latelier-750-grammes\\\/\"},\"wordCount\":186,\"image\":{\"@id\":\"https:\\\/\\\/www.lescharcuteries.fr\\\/en\\\/battle-charcuteries-et-recettes-creatives-a-latelier-750-grammes\\\/#primaryimage\"},\"thumbnailUrl\":\"https:\\\/\\\/www.lescharcuteries.fr\\\/wp-content\\\/uploads\\\/2016\\\/12\\\/FICT-AtelierBlogueurs-NOV2016.jpg\",\"inLanguage\":\"en-US\"},{\"@type\":\"WebPage\",\"@id\":\"https:\\\/\\\/www.lescharcuteries.fr\\\/en\\\/battle-charcuteries-et-recettes-creatives-a-latelier-750-grammes\\\/\",\"url\":\"https:\\\/\\\/www.lescharcuteries.fr\\\/en\\\/battle-charcuteries-et-recettes-creatives-a-latelier-750-grammes\\\/\",\"name\":\"Battle charcuteries et recettes cr\u00e9atives \u00e0 l'Atelier 750 grammes ! - Les Charcuteries\",\"isPartOf\":{\"@id\":\"https:\\\/\\\/www.lescharcuteries.fr\\\/en\\\/#website\"},\"primaryImageOfPage\":{\"@id\":\"https:\\\/\\\/www.lescharcuteries.fr\\\/en\\\/battle-charcuteries-et-recettes-creatives-a-latelier-750-grammes\\\/#primaryimage\"},\"image\":{\"@id\":\"https:\\\/\\\/www.lescharcuteries.fr\\\/en\\\/battle-charcuteries-et-recettes-creatives-a-latelier-750-grammes\\\/#primaryimage\"},\"thumbnailUrl\":\"https:\\\/\\\/www.lescharcuteries.fr\\\/wp-content\\\/uploads\\\/2016\\\/12\\\/FICT-AtelierBlogueurs-NOV2016.jpg\",\"datePublished\":\"2021-06-21T13:49:49+00:00\",\"dateModified\":\"2021-06-21T14:23:01+00:00\",\"author\":{\"@id\":\"https:\\\/\\\/www.lescharcuteries.fr\\\/en\\\/#\\\/schema\\\/person\\\/926701898cd8ecdbf4b9bf544f3fbe89\"},\"inLanguage\":\"en-US\",\"potentialAction\":[{\"@type\":\"ReadAction\",\"target\":[\"https:\\\/\\\/www.lescharcuteries.fr\\\/en\\\/battle-charcuteries-et-recettes-creatives-a-latelier-750-grammes\\\/\"]}]},{\"@type\":\"ImageObject\",\"inLanguage\":\"en-US\",\"@id\":\"https:\\\/\\\/www.lescharcuteries.fr\\\/en\\\/battle-charcuteries-et-recettes-creatives-a-latelier-750-grammes\\\/#primaryimage\",\"url\":\"https:\\\/\\\/www.lescharcuteries.fr\\\/wp-content\\\/uploads\\\/2016\\\/12\\\/FICT-AtelierBlogueurs-NOV2016.jpg\",\"contentUrl\":\"https:\\\/\\\/www.lescharcuteries.fr\\\/wp-content\\\/uploads\\\/2016\\\/12\\\/FICT-AtelierBlogueurs-NOV2016.jpg\",\"width\":784,\"height\":514},{\"@type\":\"WebSite\",\"@id\":\"https:\\\/\\\/www.lescharcuteries.fr\\\/en\\\/#website\",\"url\":\"https:\\\/\\\/www.lescharcuteries.fr\\\/en\\\/\",\"name\":\"Les Charcuteries\",\"description\":\"Information and news\",\"potentialAction\":[{\"@type\":\"SearchAction\",\"target\":{\"@type\":\"EntryPoint\",\"urlTemplate\":\"https:\\\/\\\/www.lescharcuteries.fr\\\/en\\\/?s={search_term_string}\"},\"query-input\":{\"@type\":\"PropertyValueSpecification\",\"valueRequired\":true,\"valueName\":\"search_term_string\"}}],\"inLanguage\":\"en-US\"},{\"@type\":\"Person\",\"@id\":\"https:\\\/\\\/www.lescharcuteries.fr\\\/en\\\/#\\\/schema\\\/person\\\/926701898cd8ecdbf4b9bf544f3fbe89\",\"name\":\"Guillaume Canton\",\"image\":{\"@type\":\"ImageObject\",\"inLanguage\":\"en-US\",\"@id\":\"https:\\\/\\\/secure.gravatar.com\\\/avatar\\\/3a6558744040d315a127f13aa78f8cb97632fc8556ff6184951411abd980869c?s=96&d=mm&r=g\",\"url\":\"https:\\\/\\\/secure.gravatar.com\\\/avatar\\\/3a6558744040d315a127f13aa78f8cb97632fc8556ff6184951411abd980869c?s=96&d=mm&r=g\",\"contentUrl\":\"https:\\\/\\\/secure.gravatar.com\\\/avatar\\\/3a6558744040d315a127f13aa78f8cb97632fc8556ff6184951411abd980869c?s=96&d=mm&r=g\",\"caption\":\"Guillaume Canton\"},\"url\":\"https:\\\/\\\/www.lescharcuteries.fr\\\/en\\\/author\\\/guillaumecanton\\\/\"}]}<\/script>\n<!-- \/ Yoast SEO plugin. -->","yoast_head_json":{"title":"Battle charcuteries et recettes cr\u00e9atives \u00e0 l'Atelier 750 grammes ! - Les Charcuteries","robots":{"index":"index","follow":"follow","max-snippet":"max-snippet:-1","max-image-preview":"max-image-preview:large","max-video-preview":"max-video-preview:-1"},"canonical":"https:\/\/www.lescharcuteries.fr\/en\/battle-charcuteries-et-recettes-creatives-a-latelier-750-grammes\/","og_locale":"en_US","og_type":"article","og_title":"Battle charcuteries et recettes cr\u00e9atives \u00e0 l'Atelier 750 grammes ! - Les Charcuteries","og_description":"Invit\u00e9s par la FICT, se sont affront\u00e9s\u00a0les meilleurs blogueurs culinaires dans le cadre d'une battle de charcuteries","og_url":"https:\/\/www.lescharcuteries.fr\/en\/battle-charcuteries-et-recettes-creatives-a-latelier-750-grammes\/","og_site_name":"Les Charcuteries","article_published_time":"2021-06-21T13:49:49+00:00","article_modified_time":"2021-06-21T14:23:01+00:00","og_image":[{"width":784,"height":514,"url":"https:\/\/www.lescharcuteries.fr\/wp-content\/uploads\/2016\/12\/FICT-AtelierBlogueurs-NOV2016.jpg","type":"image\/jpeg"}],"author":"Guillaume Canton","twitter_card":"summary_large_image","twitter_misc":{"Written by":"Guillaume Canton","Est. reading time":"1 minute"},"schema":{"@context":"https:\/\/schema.org","@graph":[{"@type":"Article","@id":"https:\/\/www.lescharcuteries.fr\/en\/battle-charcuteries-et-recettes-creatives-a-latelier-750-grammes\/#article","isPartOf":{"@id":"https:\/\/www.lescharcuteries.fr\/en\/battle-charcuteries-et-recettes-creatives-a-latelier-750-grammes\/"},"author":{"name":"Guillaume Canton","@id":"https:\/\/www.lescharcuteries.fr\/en\/#\/schema\/person\/926701898cd8ecdbf4b9bf544f3fbe89"},"headline":"Battle charcuteries et recettes cr\u00e9atives \u00e0 l&#8217;Atelier 750 grammes !","datePublished":"2021-06-21T13:49:49+00:00","dateModified":"2021-06-21T14:23:01+00:00","mainEntityOfPage":{"@id":"https:\/\/www.lescharcuteries.fr\/en\/battle-charcuteries-et-recettes-creatives-a-latelier-750-grammes\/"},"wordCount":186,"image":{"@id":"https:\/\/www.lescharcuteries.fr\/en\/battle-charcuteries-et-recettes-creatives-a-latelier-750-grammes\/#primaryimage"},"thumbnailUrl":"https:\/\/www.lescharcuteries.fr\/wp-content\/uploads\/2016\/12\/FICT-AtelierBlogueurs-NOV2016.jpg","inLanguage":"en-US"},{"@type":"WebPage","@id":"https:\/\/www.lescharcuteries.fr\/en\/battle-charcuteries-et-recettes-creatives-a-latelier-750-grammes\/","url":"https:\/\/www.lescharcuteries.fr\/en\/battle-charcuteries-et-recettes-creatives-a-latelier-750-grammes\/","name":"Battle charcuteries et recettes cr\u00e9atives \u00e0 l'Atelier 750 grammes ! - Les Charcuteries","isPartOf":{"@id":"https:\/\/www.lescharcuteries.fr\/en\/#website"},"primaryImageOfPage":{"@id":"https:\/\/www.lescharcuteries.fr\/en\/battle-charcuteries-et-recettes-creatives-a-latelier-750-grammes\/#primaryimage"},"image":{"@id":"https:\/\/www.lescharcuteries.fr\/en\/battle-charcuteries-et-recettes-creatives-a-latelier-750-grammes\/#primaryimage"},"thumbnailUrl":"https:\/\/www.lescharcuteries.fr\/wp-content\/uploads\/2016\/12\/FICT-AtelierBlogueurs-NOV2016.jpg","datePublished":"2021-06-21T13:49:49+00:00","dateModified":"2021-06-21T14:23:01+00:00","author":{"@id":"https:\/\/www.lescharcuteries.fr\/en\/#\/schema\/person\/926701898cd8ecdbf4b9bf544f3fbe89"},"inLanguage":"en-US","potentialAction":[{"@type":"ReadAction","target":["https:\/\/www.lescharcuteries.fr\/en\/battle-charcuteries-et-recettes-creatives-a-latelier-750-grammes\/"]}]},{"@type":"ImageObject","inLanguage":"en-US","@id":"https:\/\/www.lescharcuteries.fr\/en\/battle-charcuteries-et-recettes-creatives-a-latelier-750-grammes\/#primaryimage","url":"https:\/\/www.lescharcuteries.fr\/wp-content\/uploads\/2016\/12\/FICT-AtelierBlogueurs-NOV2016.jpg","contentUrl":"https:\/\/www.lescharcuteries.fr\/wp-content\/uploads\/2016\/12\/FICT-AtelierBlogueurs-NOV2016.jpg","width":784,"height":514},{"@type":"WebSite","@id":"https:\/\/www.lescharcuteries.fr\/en\/#website","url":"https:\/\/www.lescharcuteries.fr\/en\/","name":"Les Charcuteries","description":"Information and news","potentialAction":[{"@type":"SearchAction","target":{"@type":"EntryPoint","urlTemplate":"https:\/\/www.lescharcuteries.fr\/en\/?s={search_term_string}"},"query-input":{"@type":"PropertyValueSpecification","valueRequired":true,"valueName":"search_term_string"}}],"inLanguage":"en-US"},{"@type":"Person","@id":"https:\/\/www.lescharcuteries.fr\/en\/#\/schema\/person\/926701898cd8ecdbf4b9bf544f3fbe89","name":"Guillaume Canton","image":{"@type":"ImageObject","inLanguage":"en-US","@id":"https:\/\/secure.gravatar.com\/avatar\/3a6558744040d315a127f13aa78f8cb97632fc8556ff6184951411abd980869c?s=96&d=mm&r=g","url":"https:\/\/secure.gravatar.com\/avatar\/3a6558744040d315a127f13aa78f8cb97632fc8556ff6184951411abd980869c?s=96&d=mm&r=g","contentUrl":"https:\/\/secure.gravatar.com\/avatar\/3a6558744040d315a127f13aa78f8cb97632fc8556ff6184951411abd980869c?s=96&d=mm&r=g","caption":"Guillaume Canton"},"url":"https:\/\/www.lescharcuteries.fr\/en\/author\/guillaumecanton\/"}]}},"_links":{"self":[{"href":"https:\/\/www.lescharcuteries.fr\/en\/wp-json\/wp\/v2\/posts\/3349","targetHints":{"allow":["GET"]}}],"collection":[{"href":"https:\/\/www.lescharcuteries.fr\/en\/wp-json\/wp\/v2\/posts"}],"about":[{"href":"https:\/\/www.lescharcuteries.fr\/en\/wp-json\/wp\/v2\/types\/post"}],"author":[{"embeddable":true,"href":"https:\/\/www.lescharcuteries.fr\/en\/wp-json\/wp\/v2\/users\/2"}],"replies":[{"embeddable":true,"href":"https:\/\/www.lescharcuteries.fr\/en\/wp-json\/wp\/v2\/comments?post=3349"}],"version-history":[{"count":1,"href":"https:\/\/www.lescharcuteries.fr\/en\/wp-json\/wp\/v2\/posts\/3349\/revisions"}],"predecessor-version":[{"id":3350,"href":"https:\/\/www.lescharcuteries.fr\/en\/wp-json\/wp\/v2\/posts\/3349\/revisions\/3350"}],"wp:featuredmedia":[{"embeddable":true,"href":"https:\/\/www.lescharcuteries.fr\/en\/wp-json\/wp\/v2\/media\/1001"}],"wp:attachment":[{"href":"https:\/\/www.lescharcuteries.fr\/en\/wp-json\/wp\/v2\/media?parent=3349"}],"wp:term":[{"taxonomy":"category","embeddable":true,"href":"https:\/\/www.lescharcuteries.fr\/en\/wp-json\/wp\/v2\/categories?post=3349"},{"taxonomy":"post_tag","embeddable":true,"href":"https:\/\/www.lescharcuteries.fr\/en\/wp-json\/wp\/v2\/tags?post=3349"}],"curies":[{"name":"wp","href":"https:\/\/api.w.org\/{rel}","templated":true}]}}